{"id":1306,"date":"2026-03-13T11:42:09","date_gmt":"2026-03-13T10:42:09","guid":{"rendered":"https:\/\/collegeleonardlenoir.fr\/?p=1306"},"modified":"2026-03-13T15:02:22","modified_gmt":"2026-03-13T14:02:22","slug":"formation-des-eleves-ambassadeurs-de-la-lutte-contre-le-harcelement","status":"publish","type":"post","link":"https:\/\/collegeleonardlenoir.fr\/index.php\/2026\/03\/13\/formation-des-eleves-ambassadeurs-de-la-lutte-contre-le-harcelement\/","title":{"rendered":"Formation des \u00e9l\u00e8ves ambassadeurs de la lutte contre le harc\u00e8lement"},"content":{"rendered":"\n<p>Hier, jeudi 12 mars 2026, les \u00e9l\u00e8ves ambassadeurs de la lutte contre le harc\u00e8lement se sont rendus au coll\u00e8ge Jacques Ellul afin de suivre une formation pour les accompagner dans leurs missions..<\/p>\n\n\n\n<p>Cette formation a \u00e9t\u00e9 anim\u00e9e par la CPE du coll\u00e8ge Jacques Ellul, Mme Boumlik Jennifer ainsi que notre CPE, Mme Delmon, la professeure documentaliste, Mme Di Franco ainsi que Mme Martin, qui est en service civique au coll\u00e8ge L. Lenoir.<\/p>\n\n\n\n<figure class=\"wp-block-gallery has-nested-images columns-default is-cropped wp-block-gallery-1 is-layout-flex wp-block-gallery-is-layout-flex\">\n<figure class=\"wp-block-image size-large\"><img fetchpriority=\"high\" decoding=\"async\" width=\"1024\" height=\"461\" data-id=\"1308\" src=\"https:\/\/collegeleonardlenoir.fr\/wp-content\/uploads\/2026\/03\/IMG_20260312_104903-1024x461.jpg\" alt=\"\" class=\"wp-image-1308\" srcset=\"https:\/\/collegeleonardlenoir.fr\/wp-content\/uploads\/2026\/03\/IMG_20260312_104903-1024x461.jpg 1024w, https:\/\/collegeleonardlenoir.fr\/wp-content\/uploads\/2026\/03\/IMG_20260312_104903-300x135.jpg 300w, https:\/\/collegeleonardlenoir.fr\/wp-content\/uploads\/2026\/03\/IMG_20260312_104903-768x346.jpg 768w, https:\/\/collegeleonardlenoir.fr\/wp-content\/uploads\/2026\/03\/IMG_20260312_104903-1536x692.jpg 1536w, https:\/\/collegeleonardlenoir.fr\/wp-content\/uploads\/2026\/03\/IMG_20260312_104903-2048x923.jpg 2048w\" sizes=\"(max-width: 1024px) 100vw, 1024px\" \/><figcaption class=\"wp-element-caption\">El\u00e8ves pendant un atelier<\/figcaption><\/figure>\n\n\n\n<figure class=\"wp-block-image size-large\"><img decoding=\"async\" width=\"1024\" height=\"461\" data-id=\"1307\" src=\"https:\/\/collegeleonardlenoir.fr\/wp-content\/uploads\/2026\/03\/IMG_20260312_104942-1024x461.jpg\" alt=\"\" class=\"wp-image-1307\" srcset=\"https:\/\/collegeleonardlenoir.fr\/wp-content\/uploads\/2026\/03\/IMG_20260312_104942-1024x461.jpg 1024w, https:\/\/collegeleonardlenoir.fr\/wp-content\/uploads\/2026\/03\/IMG_20260312_104942-300x135.jpg 300w, https:\/\/collegeleonardlenoir.fr\/wp-content\/uploads\/2026\/03\/IMG_20260312_104942-768x346.jpg 768w, https:\/\/collegeleonardlenoir.fr\/wp-content\/uploads\/2026\/03\/IMG_20260312_104942-1536x692.jpg 1536w, https:\/\/collegeleonardlenoir.fr\/wp-content\/uploads\/2026\/03\/IMG_20260312_104942-2048x923.jpg 2048w\" sizes=\"(max-width: 1024px) 100vw, 1024px\" \/><figcaption class=\"wp-element-caption\">El\u00e8ves et Mme Martin qui font un atelier<\/figcaption><\/figure>\n<\/figure>\n\n\n\n<p>Au planning de cette matin\u00e9e, diff\u00e9rents ateliers pour aborder les enjeux du harc\u00e8lement et les sensibiliser \u00e0 distinguer les situations de harc\u00e8lement d&rsquo;un conflit.<\/p>\n\n\n\n<figure class=\"wp-block-gallery has-nested-images columns-default is-cropped wp-block-gallery-2 is-layout-flex wp-block-gallery-is-layout-flex\">\n<figure class=\"wp-block-image size-large\"><img decoding=\"async\" width=\"1024\" height=\"461\" data-id=\"1309\" src=\"https:\/\/collegeleonardlenoir.fr\/wp-content\/uploads\/2026\/03\/IMG_20260312_111435-1024x461.jpg\" alt=\"\" class=\"wp-image-1309\" srcset=\"https:\/\/collegeleonardlenoir.fr\/wp-content\/uploads\/2026\/03\/IMG_20260312_111435-1024x461.jpg 1024w, https:\/\/collegeleonardlenoir.fr\/wp-content\/uploads\/2026\/03\/IMG_20260312_111435-300x135.jpg 300w, https:\/\/collegeleonardlenoir.fr\/wp-content\/uploads\/2026\/03\/IMG_20260312_111435-768x346.jpg 768w, https:\/\/collegeleonardlenoir.fr\/wp-content\/uploads\/2026\/03\/IMG_20260312_111435-1536x692.jpg 1536w, https:\/\/collegeleonardlenoir.fr\/wp-content\/uploads\/2026\/03\/IMG_20260312_111435-2048x922.jpg 2048w\" sizes=\"(max-width: 1024px) 100vw, 1024px\" \/><\/figure>\n\n\n\n<figure class=\"wp-block-image size-large\"><img loading=\"lazy\" decoding=\"async\" width=\"1024\" height=\"461\" data-id=\"1310\" src=\"https:\/\/collegeleonardlenoir.fr\/wp-content\/uploads\/2026\/03\/IMG_20260312_111905-1024x461.jpg\" alt=\"\" class=\"wp-image-1310\" srcset=\"https:\/\/collegeleonardlenoir.fr\/wp-content\/uploads\/2026\/03\/IMG_20260312_111905-1024x461.jpg 1024w, https:\/\/collegeleonardlenoir.fr\/wp-content\/uploads\/2026\/03\/IMG_20260312_111905-300x135.jpg 300w, https:\/\/collegeleonardlenoir.fr\/wp-content\/uploads\/2026\/03\/IMG_20260312_111905-768x346.jpg 768w, https:\/\/collegeleonardlenoir.fr\/wp-content\/uploads\/2026\/03\/IMG_20260312_111905-1536x692.jpg 1536w, https:\/\/collegeleonardlenoir.fr\/wp-content\/uploads\/2026\/03\/IMG_20260312_111905-2048x922.jpg 2048w\" sizes=\"(max-width: 1024px) 100vw, 1024px\" \/><figcaption class=\"wp-element-caption\">Mise en situation<\/figcaption><\/figure>\n<\/figure>\n\n\n\n<p class=\"has-text-align-center\">Merci au coll\u00e8ge Jacques Ellul et Mme Boumlik d&rsquo;avoir accueilli nos \u00e9l\u00e8ves.<\/p>\n\n\n\n<figure class=\"wp-block-image size-large\"><img loading=\"lazy\" decoding=\"async\" width=\"1024\" height=\"461\" src=\"https:\/\/collegeleonardlenoir.fr\/wp-content\/uploads\/2026\/03\/IMG_20260312_115854-1024x461.jpg\" alt=\"\" class=\"wp-image-1311\" srcset=\"https:\/\/collegeleonardlenoir.fr\/wp-content\/uploads\/2026\/03\/IMG_20260312_115854-1024x461.jpg 1024w, https:\/\/collegeleonardlenoir.fr\/wp-content\/uploads\/2026\/03\/IMG_20260312_115854-300x135.jpg 300w, https:\/\/collegeleonardlenoir.fr\/wp-content\/uploads\/2026\/03\/IMG_20260312_115854-768x346.jpg 768w, https:\/\/collegeleonardlenoir.fr\/wp-content\/uploads\/2026\/03\/IMG_20260312_115854-1536x692.jpg 1536w, https:\/\/collegeleonardlenoir.fr\/wp-content\/uploads\/2026\/03\/IMG_20260312_115854-2048x922.jpg 2048w\" sizes=\"(max-width: 1024px) 100vw, 1024px\" \/><figcaption class=\"wp-element-caption\">Les \u00e9l\u00e8ves ambassadeurs avec leur dipl\u00f4me<\/figcaption><\/figure>\n\n\n\n<p><\/p>\n","protected":false},"excerpt":{"rendered":"<p>Hier, jeudi 12 mars 2026, les \u00e9l\u00e8ves ambassadeurs de la lutte contre le harc\u00e8lement se sont rendus au coll\u00e8ge Jacques Ellul afin de suivre une formation pour les accompagner dans leurs missions.. Cette formation a \u00e9t\u00e9 anim\u00e9e par la CPE du coll\u00e8ge Jacques Ellul, Mme Boumlik Jennifer ainsi que notre CPE, Mme Delmon, la professeure documentaliste, Mme Di Franco ainsi que Mme Martin, qui est en service civique au coll\u00e8ge L. Lenoir. Au planning de cette matin\u00e9e, diff\u00e9rents ateliers pour aborder les enjeux du harc\u00e8lement et les sensibiliser \u00e0 distinguer les situations de harc\u00e8lement d&rsquo;un conflit. Merci au coll\u00e8ge Jacques Ellul et Mme Boumlik d&rsquo;avoir accueilli nos \u00e9l\u00e8ves.<\/p>\n","protected":false},"author":1,"featured_media":0,"comment_status":"open","ping_status":"open","sticky":false,"template":"","format":"standard","meta":{"ocean_post_layout":"","ocean_both_sidebars_style":"","ocean_both_sidebars_content_width":0,"ocean_both_sidebars_sidebars_width":0,"ocean_sidebar":"","ocean_second_sidebar":"","ocean_disable_margins":"enable","ocean_add_body_class":"","ocean_shortcode_before_top_bar":"","ocean_shortcode_after_top_bar":"","ocean_shortcode_before_header":"","ocean_shortcode_after_header":"","ocean_has_shortcode":"","ocean_shortcode_after_title":"","ocean_shortcode_before_footer_widgets":"","ocean_shortcode_after_footer_widgets":"","ocean_shortcode_before_footer_bottom":"","ocean_shortcode_after_footer_bottom":"","ocean_display_top_bar":"default","ocean_display_header":"default","ocean_header_style":"","ocean_center_header_left_menu":"","ocean_custom_header_template":"","ocean_custom_logo":0,"ocean_custom_retina_logo":0,"ocean_custom_logo_max_width":0,"ocean_custom_logo_tablet_max_width":0,"ocean_custom_logo_mobile_max_width":0,"ocean_custom_logo_max_height":0,"ocean_custom_logo_tablet_max_height":0,"ocean_custom_logo_mobile_max_height":0,"ocean_header_custom_menu":"","ocean_menu_typo_font_family":"","ocean_menu_typo_font_subset":"","ocean_menu_typo_font_size":0,"ocean_menu_typo_font_size_tablet":0,"ocean_menu_typo_font_size_mobile":0,"ocean_menu_typo_font_size_unit":"px","ocean_menu_typo_font_weight":"","ocean_menu_typo_font_weight_tablet":"","ocean_menu_typo_font_weight_mobile":"","ocean_menu_typo_transform":"","ocean_menu_typo_transform_tablet":"","ocean_menu_typo_transform_mobile":"","ocean_menu_typo_line_height":0,"ocean_menu_typo_line_height_tablet":0,"ocean_menu_typo_line_height_mobile":0,"ocean_menu_typo_line_height_unit":"","ocean_menu_typo_spacing":0,"ocean_menu_typo_spacing_tablet":0,"ocean_menu_typo_spacing_mobile":0,"ocean_menu_typo_spacing_unit":"","ocean_menu_link_color":"","ocean_menu_link_color_hover":"","ocean_menu_link_color_active":"","ocean_menu_link_background":"","ocean_menu_link_hover_background":"","ocean_menu_link_active_background":"","ocean_menu_social_links_bg":"","ocean_menu_social_hover_links_bg":"","ocean_menu_social_links_color":"","ocean_menu_social_hover_links_color":"","ocean_disable_title":"default","ocean_disable_heading":"default","ocean_post_title":"","ocean_post_subheading":"","ocean_post_title_style":"","ocean_post_title_background_color":"","ocean_post_title_background":0,"ocean_post_title_bg_image_position":"","ocean_post_title_bg_image_attachment":"","ocean_post_title_bg_image_repeat":"","ocean_post_title_bg_image_size":"","ocean_post_title_height":0,"ocean_post_title_bg_overlay":0.5,"ocean_post_title_bg_overlay_color":"","ocean_disable_breadcrumbs":"default","ocean_breadcrumbs_color":"","ocean_breadcrumbs_separator_color":"","ocean_breadcrumbs_links_color":"","ocean_breadcrumbs_links_hover_color":"","ocean_display_footer_widgets":"default","ocean_display_footer_bottom":"default","ocean_custom_footer_template":"","ocean_post_oembed":"","ocean_post_self_hosted_media":"","ocean_post_video_embed":"","ocean_link_format":"","ocean_link_format_target":"self","ocean_quote_format":"","ocean_quote_format_link":"post","ocean_gallery_link_images":"on","ocean_gallery_id":[],"footnotes":""},"categories":[1],"tags":[],"class_list":["post-1306","post","type-post","status-publish","format-standard","hentry","category-non-classe","entry"],"_links":{"self":[{"href":"https:\/\/collegeleonardlenoir.fr\/index.php\/wp-json\/wp\/v2\/posts\/1306","targetHints":{"allow":["GET"]}}],"collection":[{"href":"https:\/\/collegeleonardlenoir.fr\/index.php\/wp-json\/wp\/v2\/posts"}],"about":[{"href":"https:\/\/collegeleonardlenoir.fr\/index.php\/wp-json\/wp\/v2\/types\/post"}],"author":[{"embeddable":true,"href":"https:\/\/collegeleonardlenoir.fr\/index.php\/wp-json\/wp\/v2\/users\/1"}],"replies":[{"embeddable":true,"href":"https:\/\/collegeleonardlenoir.fr\/index.php\/wp-json\/wp\/v2\/comments?post=1306"}],"version-history":[{"count":2,"href":"https:\/\/collegeleonardlenoir.fr\/index.php\/wp-json\/wp\/v2\/posts\/1306\/revisions"}],"predecessor-version":[{"id":1313,"href":"https:\/\/collegeleonardlenoir.fr\/index.php\/wp-json\/wp\/v2\/posts\/1306\/revisions\/1313"}],"wp:attachment":[{"href":"https:\/\/collegeleonardlenoir.fr\/index.php\/wp-json\/wp\/v2\/media?parent=1306"}],"wp:term":[{"taxonomy":"category","embeddable":true,"href":"https:\/\/collegeleonardlenoir.fr\/index.php\/wp-json\/wp\/v2\/categories?post=1306"},{"taxonomy":"post_tag","embeddable":true,"href":"https:\/\/collegeleonardlenoir.fr\/index.php\/wp-json\/wp\/v2\/tags?post=1306"}],"curies":[{"name":"wp","href":"https:\/\/api.w.org\/{rel}","templated":true}]}}